{"id":1663,"date":"2025-09-15T17:01:29","date_gmt":"2025-09-15T15:01:29","guid":{"rendered":"https:\/\/www.stabajzna.cz\/uvod\/?p=1663"},"modified":"2025-11-29T20:17:46","modified_gmt":"2025-11-29T19:17:46","slug":"mama-a-dcera-clean-beauty-make-up-skin-care","status":"publish","type":"post","link":"https:\/\/www.stabajzna.cz\/uvod\/mama-a-dcera-clean-beauty-make-up-skin-care\/","title":{"rendered":"<B>M\u00e1ma a dcera \u201eClean beauty make-up + skin care\u201c<\/B>"},"content":{"rendered":"\n<blockquote class=\"wp-block-quote is-layout-flow wp-block-quote-is-layout-flow\">\n<p>Minimalistick\u00e1 nebo sofistikovan\u011bj\u0161\u00ed p\u00e9\u010de, dle va\u0161ich pot\u0159eb a po\u017eadavk\u016f.<\/p>\n<\/blockquote>\n\n\n\n<p><strong>od 12 do 100let \ud83d\ude0a&nbsp;&nbsp;&nbsp; &nbsp; &nbsp;3 h&nbsp;&nbsp;&nbsp;&nbsp; 3990 K\u010d<\/strong><\/p>\n\n\n\n<p><\/p>\n\n\n\n<p>M\u00e1\u0161 dceru a r\u00e1da bys, aby za\u010dala rovnou s&nbsp;\u0161etrnou p\u0159\u00edrodn\u00ed kosmetickou p\u00e9\u010d\u00ed, kter\u00e1 neponi\u010d\u00ed jej\u00ed ple\u0165? Chce\u0161, aby m\u011bla spr\u00e1vn\u00e9 n\u00e1vyky, aby um\u011bla pravideln\u011b pe\u010dovat o svou ple\u0165, aby se nau\u010dila vkusn\u011b l\u00ed\u010dit? Pot\u0159ebuje\u0161 i Ty sama poradit se skincare, s&nbsp;l\u00ed\u010den\u00edm? Formou tr\u00e9ninku sama na sob\u011b, abyste um\u011bly v\u0161e aplikovat v&nbsp;dom\u00e1c\u00edm prost\u0159ed\u00ed.<\/p>\n\n\n\n<p><\/p>\n\n\n\n<ul class=\"wp-block-list\">\n<li>K dispozici ve\u0161ker\u00fd materi\u00e1l jako kr\u00e9my, s\u00e9ra, dekorativn\u00ed kosmetika k l\u00ed\u010den\u00ed i pom\u016fcky<\/li>\n\n\n\n<li>Nau\u010d\u00edte se ple\u0165 samy spr\u00e1vn\u011b odl\u00ed\u010dit a vy\u010distit<\/li>\n\n\n\n<li>K l\u00ed\u010den\u00ed budeme pou\u017e\u00edvat jednu z nejlep\u0161\u00edch p\u0159\u00edrodn\u00edch zna\u010dek Ere Perez, kter\u00e1 je velmi intuitivn\u00ed, multifunk\u010dn\u00ed a skv\u011bl\u00e1 pro naprost\u00e9 za\u010d\u00e1te\u010dn\u00edky, ale i pro prof\u00edky<\/li>\n\n\n\n<li>Nau\u010d\u00edte se skv\u011bl\u00e9 tipy pro rychl\u00e9 a \u0161\u0165avnat\u00e9 l\u00ed\u010den\u00ed<\/li>\n\n\n\n<li>Zjist\u00edte, jak spr\u00e1vn\u011b p\u0159ipravit ple\u0165, aby l\u00ed\u010den\u00ed vydr\u017eelo cel\u00fd den<\/li>\n\n\n\n<li>Jak vybrat spr\u00e1vn\u00fd odst\u00edn make-upu, korektoru atd.<\/li>\n\n\n\n<li>Nau\u010d\u00edte se spr\u00e1vn\u011b pe\u010dovat o svou ple\u0165<\/li>\n\n\n\n<li>Odnesete si vyti\u0161t\u011bn\u00fd pracovn\u00ed manu\u00e1l s vlastn\u00edmi pozn\u00e1mkami<\/li>\n\n\n\n<li>Cena je za v\u00e1s ob\u011b a k tomu ob\u010derstven\u00ed<\/li>\n<\/ul>\n\n\n\n<hr class=\"wp-block-separator has-alpha-channel-opacity\"\/>\n\n\n\n<blockquote class=\"wp-block-quote is-layout-flow wp-block-quote-is-layout-flow\">\n<p><\/p>\n\n\n\n<p>Jsi sama dcerou a r\u00e1da bys toto za\u017eila se svou maminkou, kter\u00e1 je t\u0159eba u\u017e v d\u016fchodu? P\u0159ij\u010fte do \u0160\u0165abajzny, tato slu\u017eba by mohla b\u00fdt t\u00edm nejlep\u0161\u00edm spole\u010dn\u00fdm \u010dasem pro v\u00e1s dv\u011b. \ud83d\ude09<\/p>\n<\/blockquote>\n\n\n\n<hr class=\"wp-block-separator has-alpha-channel-opacity\"\/>\n\n\n\n<p class=\"has-text-align-center has-vivid-red-color has-text-color has-link-color has-medium-font-size wp-elements-dc01547b4646946f78be3e75748b7e07\"><strong><a href=\"https:\/\/www.fresha.com\/cs\/book-now\/stabajzna-prirodni-organicky-kosmeticky-salon-cpgza6at\/services?lid=2743362&amp;eid=4841083&amp;oiid=sv%3A24924987&amp;share=true&amp;pId=2654153\" data-type=\"link\" data-id=\"https:\/\/www.fresha.com\/cs\/book-now\/stabajzna-prirodni-organicky-kosmeticky-salon-cpgza6at\/services?lid=2743362&amp;eid=4841083&amp;oiid=sv%3A24924987&amp;share=true&amp;pId=2654153\" target=\"_blank\" rel=\"noreferrer noopener\">ZAREZERVUJ SI SV\u016eJ TERM\u00cdN<\/a><\/strong><\/p>\n\n\n\n<hr class=\"wp-block-separator has-alpha-channel-opacity\"\/>\n\n\n\n<h2 class=\"wp-block-heading\">D\u00c1RKOV\u00c9 POUKAZY:<\/h2>\n\n\n\n<p>M\u00e1\u0161 z\u00e1jem o d\u00e1rkov\u00fd poukaz na n\u011bjakou slu\u017ebu? Nen\u00ed probl\u00e9m! Bu\u010f formou PDF do e-mailu, nebo v pap\u00edrov\u00e9 podob\u011b na adresu. Napi\u0161 mi a domluv\u00edme se: <a href=\"mailto:salon@stabajzna.cz\">salon@stabajzna.cz<\/a><\/p>\n\n\n\n<p>NEBO CHCE\u0160 OBJEDNAT POUKAZ HNED ONLINE? <strong><a href=\"https:\/\/www.fresha.com\/cs\/store\/stabajzna-prirodni-organicky-kosmeticky-salon-obchod-j3sim77v\/category\/darkove-poukazy-ac0sho97\">KLIKNI ZDE<\/a><\/strong><\/p>\n","protected":false},"excerpt":{"rendered":"<p>Kr\u00e1sn\u00fd, napln\u011bn\u00fd a nezapomenuteln\u00fd \u010das pro v\u00e1s dv\u011b. M\u00e1ma a dcera. Dcera a m\u00e1ma. To je pouto nav\u017edy.  Jsi sama dcerou a r\u00e1da bys toto za\u017eila se svou maminkou, kter\u00e1 je t\u0159eba u\u017e v d\u016fchodu? P\u0159ij\u010fte do \u0160\u0165abajzny, tato slu\u017eba by mohla b\u00fdt t\u00edm nejlep\u0161\u00edm spole\u010dn\u00fdm \u010dasem pro v\u00e1s dv\u011b. \ud83d\ude09<\/p>\n","protected":false},"author":1,"featured_media":1748,"comment_status":"closed","ping_status":"closed","sticky":false,"template":"","format":"standard","meta":{"footnotes":""},"categories":[53],"tags":[],"class_list":["post-1663","post","type-post","status-publish","format-standard","has-post-thumbnail","hentry","category-sluzby"],"_links":{"self":[{"href":"https:\/\/www.stabajzna.cz\/uvod\/wp-json\/wp\/v2\/posts\/1663","targetHints":{"allow":["GET"]}}],"collection":[{"href":"https:\/\/www.stabajzna.cz\/uvod\/wp-json\/wp\/v2\/posts"}],"about":[{"href":"https:\/\/www.stabajzna.cz\/uvod\/wp-json\/wp\/v2\/types\/post"}],"author":[{"embeddable":true,"href":"https:\/\/www.stabajzna.cz\/uvod\/wp-json\/wp\/v2\/users\/1"}],"replies":[{"embeddable":true,"href":"https:\/\/www.stabajzna.cz\/uvod\/wp-json\/wp\/v2\/comments?post=1663"}],"version-history":[{"count":19,"href":"https:\/\/www.stabajzna.cz\/uvod\/wp-json\/wp\/v2\/posts\/1663\/revisions"}],"predecessor-version":[{"id":2129,"href":"https:\/\/www.stabajzna.cz\/uvod\/wp-json\/wp\/v2\/posts\/1663\/revisions\/2129"}],"wp:featuredmedia":[{"embeddable":true,"href":"https:\/\/www.stabajzna.cz\/uvod\/wp-json\/wp\/v2\/media\/1748"}],"wp:attachment":[{"href":"https:\/\/www.stabajzna.cz\/uvod\/wp-json\/wp\/v2\/media?parent=1663"}],"wp:term":[{"taxonomy":"category","embeddable":true,"href":"https:\/\/www.stabajzna.cz\/uvod\/wp-json\/wp\/v2\/categories?post=1663"},{"taxonomy":"post_tag","embeddable":true,"href":"https:\/\/www.stabajzna.cz\/uvod\/wp-json\/wp\/v2\/tags?post=1663"}],"curies":[{"name":"wp","href":"https:\/\/api.w.org\/{rel}","templated":true}]}}