{"id":1322,"date":"2022-12-09T19:22:18","date_gmt":"2022-12-09T18:22:18","guid":{"rendered":"https:\/\/www.stabajzna.cz\/uvod\/?p=1322"},"modified":"2025-11-10T22:01:27","modified_gmt":"2025-11-10T21:01:27","slug":"slow-living","status":"publish","type":"post","link":"https:\/\/www.stabajzna.cz\/uvod\/slow-living\/","title":{"rendered":"Slow living"},"content":{"rendered":"\n<h2 class=\"wp-block-heading\"><strong>Slow living<\/strong> <em>(neboli\u00a0pomal\u00fd zp\u016fsob \u017eivota)<\/em><\/h2>\n\n\n\n<p class=\"has-black-color has-text-color\">Velmi \u010dasto dnes sly\u0161\u00edme o slow fashion, ale ono to nen\u00ed jen o m\u00f3d\u011b. Mnohem v\u00edce podle m\u011b to slov\u00ed\u010dko &#8222;slow&#8220; vysv\u011btluje pojem &#8222;slow living&#8220;, co\u017e m\u016f\u017eeme p\u0159elo\u017eit jako pomal\u00fd zp\u016fsob \u017eivota.&nbsp;<\/p>\n\n\n\n<p>Nen\u00ed to vlastn\u011b nic jin\u00e9ho ne\u017e onen n\u00e1vrat k minulosti, ke ko\u0159en\u016fm, k n\u00e1m sam\u00fdm.&nbsp;<\/p>\n\n\n\n<blockquote class=\"wp-block-quote is-layout-flow wp-block-quote-is-layout-flow\">\n<p><strong>Zpomalit \u017eivot, zklidnit svou mysl, naj\u00edt vnit\u0159n\u00ed klid a rovnov\u00e1hu.&nbsp;<\/strong><\/p>\n\n\n\n<p><strong>D\u011blat to, co n\u00e1s bav\u00ed, to, na \u010dem skute\u010dn\u011b z\u00e1le\u017e\u00ed.&nbsp;<\/strong><\/p>\n\n\n\n<p><strong>Eliminovat stres a v\u0161e, co je v \u017eivot\u011b ned\u016fle\u017eit\u00e9.&nbsp;<\/strong><\/p>\n<\/blockquote>\n\n\n\n<p>Nejde o dokonalost, sout\u011b\u017een\u00ed, pravidla nebo kr\u00e1sn\u00e9 minimalisticky za\u0159\u00edzen\u00e9 ob\u00fdv\u00e1ky s jedn\u00edm p\u0159edm\u011btem na komod\u011b.&nbsp;<\/p>\n\n\n\n<blockquote class=\"wp-block-quote is-layout-flow wp-block-quote-is-layout-flow\">\n<p><strong>Up\u0159ednost\u0148ujme kvalitu nad kvantitou, ve v\u0161ech sf\u00e9r\u00e1ch na\u0161eho \u017eivota.&nbsp;<\/strong><\/p>\n<\/blockquote>\n\n\n\n<p>Kdy\u017e si p\u0159iprav\u00edme j\u00eddlo z kvalitn\u00edch surovin a v klidu si ho vychutn\u00e1me, je to po\u017eitek. Stejn\u00fd po\u017eitek m\u016f\u017ee b\u00fdt proch\u00e1zka lesem, p\u0159e\u010dten\u00ed knihy, leno\u0161en\u00ed s d\u011btmi u v\u00edkendov\u00e9 poh\u00e1dky nebo sklizen\u00ed prvn\u00edho raj\u010dete z balkonov\u00e9ho kv\u011btin\u00e1\u010de.&nbsp;<\/p>\n\n\n\n<p>Velice p\u011bkn\u00e9 je p\u0159irovn\u00e1n\u00ed &#8222;m\u00ed\u0148 v\u011bc\u00ed, v\u00edc z\u00e1\u017eitk\u016f&#8220;. Jsou to toti\u017e pr\u00e1v\u011b z\u00e1\u017eitky a vzpom\u00ednky, kter\u00e9 n\u00e1m z\u016fstanou. Ne dvac\u00e1t\u00e9 p\u00e1t\u00e9 d\u017e\u00edny, boty \u010di t\u0159ic\u00e1t\u00e9 triko z v\u00fdprodeje.&nbsp;<\/p>\n\n\n\n<p>\u010c\u00edm jsem star\u0161\u00ed, t\u00edm v\u00edc ochotn\u011b utr\u00e1c\u00edm za z\u00e1\u017eitky \u010di za potravu pro t\u011blo i mysl. P\u0159ijdou mi to jako nejl\u00edp investovan\u00e9 pen\u00edze. P\u0159ekvapiv\u011b a\u017e posledn\u00ed roky ch\u00e1pu cenu pr\u00e1ce, pen\u011bz a cenu na\u0161eho \u010dasu. Kdy\u017e \u010dlov\u011bk s\u00e1m za\u010dne tvo\u0159it, \u0161\u00edt, va\u0159it, p\u00e9ct, hospoda\u0159it, zahradni\u010dit atd., mnohem l\u00e9pe porozum\u00ed tomu, jak nemocn\u011b je nastaven\u00e1 na\u0161e spole\u010dnost.&nbsp;<\/p>\n\n\n\n<p>M\u00edsto&nbsp;<strong>Pro\u010d je to tak drah\u00e9?<\/strong>&nbsp;bychom se m\u011bli pt\u00e1t&nbsp;<strong>Jak to m\u016f\u017ee b\u00fdt tak levn\u00e9?&nbsp;<\/strong><\/p>\n\n\n\n<p>Jak m\u016f\u017ee b\u00fdt v\u011bc, vyroben\u00e1 na druh\u00e9m konci sv\u011bta, dopraven\u00e1 sem k n\u00e1m lod\u00ed nebo letadlem p\u0159es oce\u00e1n, klidn\u011b o 80% levn\u011bj\u0161\u00ed ne\u017e ta, kter\u00e1 je vyroben\u00e1 v na\u0161\u00ed zemi? Mysl\u00edm, \u017ee v\u0161ichni u\u017e tu\u0161\u00edme, v\u00edme pro\u010d.<\/p>\n\n\n\n<p>Podporujme tedy lok\u00e1ln\u00ed zem\u011bd\u011blce, farm\u00e1\u0159e, \u017eivnostn\u00edky, zna\u010dky. Nejen, \u017ee dan\u00e1 v\u011bc bude kvalitn\u011bj\u0161\u00ed, nezat\u00ed\u017e\u00edme tolik \u017eivotn\u00ed prost\u0159ed\u00ed, ale taky podpo\u0159\u00edme \u010deskou (evropskou) ekonomiku a budeme si jist\u00ed, \u017ee dan\u00fd \u010dlov\u011bk dostal za svou pr\u00e1ci zaplaceno.&nbsp;<\/p>\n\n\n\n<blockquote class=\"wp-block-quote is-layout-flow wp-block-quote-is-layout-flow\">\n<p>&nbsp;<strong>Nevyhazujme, ale opravujme.&nbsp;<\/strong><\/p>\n<\/blockquote>\n\n\n\n<p>Mnoho z toho, co vyhod\u00edme, se d\u00e1 opravit. Nen\u00ed to o tom, \u017ee bychom si nemohli dovolit nov\u00e9. Je to o postoji a \u00fact\u011b k tomu, co u\u017e vyrobeno bylo. Oble\u010den\u00ed se d\u00e1 za\u0161\u00edt, p\u0159e\u0161\u00edt, upcyklovat. \u0158ada spot\u0159ebi\u010d\u016f se d\u00e1 opravit, hodn\u011b v\u011bc\u00ed z dom\u00e1cnosti se d\u00e1 vyu\u017e\u00edt na jin\u00e9 \u00fa\u010dely. N\u011bkter\u00fd n\u00e1bytek se d\u00e1 obrousit, p\u0159et\u0159\u00edt, p\u0159ed\u011blat na n\u011bco jin\u00e9ho.&nbsp;<strong>Vdechnout nov\u00fd \u017eivot star\u00e9 v\u011bci m\u016f\u017ee m\u00edt a\u017e terapeutick\u00fd \u00fa\u010dinek.&nbsp;<\/strong><\/p>\n\n\n\n<blockquote class=\"wp-block-quote is-layout-flow wp-block-quote-is-layout-flow\">\n<p><strong>Uvoln\u011bme prostory.&nbsp;<\/strong><\/p>\n<\/blockquote>\n\n\n\n<p>Kdy\u017e prot\u0159\u00edd\u00edm \u0161atn\u00edk, botn\u00edk, dom\u00e1cnost (\u0159\u00edk\u00e1m tomu debordelizace), l\u00edp se mi d\u00fdch\u00e1. Mo\u017en\u00e1 v\u00e1m to p\u0159ijde jako nesmysl, ale zkuste to n\u011bkdy. Je to o\u010distn\u00fd proces. \ud83d\ude42<\/p>\n\n\n\n<p>Je prok\u00e1z\u00e1no, \u017ee kdy\u017e kolem sebe m\u00e1me p\u0159\u00edli\u0161 mnoho podn\u011bt\u016f, h\u016f\u0159e se soust\u0159ed\u00edme, c\u00edt\u00edme se zahlceni, jsme ve stresu. Nejsem zast\u00e1ncem minimalistick\u00e9ho bydlen\u00ed s pr\u00e1zdn\u00fdmi zdmi, ale pokud za\u010dnu prostor zapl\u0148ovat a p\u0159ehlcovat p\u0159\u00edli\u0161 ( a bohu\u017eel k tomu m\u00e1m tendence), okam\u017eit\u011b to na sob\u011b za\u010dnu negativn\u011b poci\u0165ovat.<\/p>\n\n\n\n<blockquote class=\"wp-block-quote is-layout-flow wp-block-quote-is-layout-flow\">\n<p><strong>Milujme a \u017eijme<\/strong><\/p>\n<\/blockquote>\n\n\n\n<p>Mo\u017en\u00e1 v\u00e1m tohle zn\u00ed jako ezo bl\u00e1bol, ale pro co jin\u00e9ho tady na tom kr\u00e1sn\u00e9m sv\u011bt\u011b jsme? \ud83d\ude42<\/p>\n\n\n\n<hr class=\"wp-block-separator has-alpha-channel-opacity\"\/>\n\n\n\n<p>Ka\u017ed\u00fd z n\u00e1s je v\u00fdjime\u010dn\u00fd, jen o tom n\u011bkdy pochybujeme.<br>Ka\u017ed\u00fd z n\u00e1s je n\u00e1dhern\u00fd, jen \u010dasto neum\u00edme milovat sami sebe.<br>Ka\u017ed\u00fd z n\u00e1s m\u00e1 kr\u00e1sn\u00e9 t\u011blo, jen odm\u00edt\u00e1me p\u0159ijmout i jeho nedostatky.<br>Ka\u017ed\u00fd z n\u00e1s je osobnost, jen je t\u0159eba zjistit, k\u00fdm skute\u010dn\u011b jsme.<\/p>\n","protected":false},"excerpt":{"rendered":"<p>Velmi \u010dasto dnes sly\u0161\u00edme o slow fashion, ale ono to nen\u00ed jen o m\u00f3d\u011b. Mnohem v\u00edce podle m\u011b to slov\u00ed\u010dko &#8222;slow&#8220; vysv\u011btluje pojem &#8222;slow living&#8220;, co\u017e m\u016f\u017eeme p\u0159elo\u017eit jako pomal\u00fd zp\u016fsob \u017eivota.<\/p>\n","protected":false},"author":2,"featured_media":2058,"comment_status":"closed","ping_status":"closed","sticky":false,"template":"","format":"standard","meta":{"footnotes":""},"categories":[55],"tags":[],"class_list":["post-1322","post","type-post","status-publish","format-standard","has-post-thumbnail","hentry","category-blog"],"_links":{"self":[{"href":"https:\/\/www.stabajzna.cz\/uvod\/wp-json\/wp\/v2\/posts\/1322","targetHints":{"allow":["GET"]}}],"collection":[{"href":"https:\/\/www.stabajzna.cz\/uvod\/wp-json\/wp\/v2\/posts"}],"about":[{"href":"https:\/\/www.stabajzna.cz\/uvod\/wp-json\/wp\/v2\/types\/post"}],"author":[{"embeddable":true,"href":"https:\/\/www.stabajzna.cz\/uvod\/wp-json\/wp\/v2\/users\/2"}],"replies":[{"embeddable":true,"href":"https:\/\/www.stabajzna.cz\/uvod\/wp-json\/wp\/v2\/comments?post=1322"}],"version-history":[{"count":11,"href":"https:\/\/www.stabajzna.cz\/uvod\/wp-json\/wp\/v2\/posts\/1322\/revisions"}],"predecessor-version":[{"id":1336,"href":"https:\/\/www.stabajzna.cz\/uvod\/wp-json\/wp\/v2\/posts\/1322\/revisions\/1336"}],"wp:featuredmedia":[{"embeddable":true,"href":"https:\/\/www.stabajzna.cz\/uvod\/wp-json\/wp\/v2\/media\/2058"}],"wp:attachment":[{"href":"https:\/\/www.stabajzna.cz\/uvod\/wp-json\/wp\/v2\/media?parent=1322"}],"wp:term":[{"taxonomy":"category","embeddable":true,"href":"https:\/\/www.stabajzna.cz\/uvod\/wp-json\/wp\/v2\/categories?post=1322"},{"taxonomy":"post_tag","embeddable":true,"href":"https:\/\/www.stabajzna.cz\/uvod\/wp-json\/wp\/v2\/tags?post=1322"}],"curies":[{"name":"wp","href":"https:\/\/api.w.org\/{rel}","templated":true}]}}